[{"@context":"https:\/\/schema.org\/","@type":"Article","@id":"https:\/\/www.sw-style.cz\/vystavte-je-ve-svem-slavnostnim-albu\/#Article","mainEntityOfPage":"https:\/\/www.sw-style.cz\/vystavte-je-ve-svem-slavnostnim-albu\/","headline":"Vystavte je ve sv\u00e9m slavnostn\u00edm albu","name":"Vystavte je ve sv\u00e9m slavnostn\u00edm albu","description":"Schovejte si je do sv\u00e9ho slavnostn\u00edho alba, aby si je jednou prohl\u00e9dli Va\u0161e d\u011bti, vnou\u010data i pravnou\u010data. Se svatebn\u00edm ozn\u00e1men\u00edm&hellip;","datePublished":"2025-03-09","dateModified":"2025-03-09","author":{"@type":"Person","@id":"https:\/\/www.sw-style.cz\/author\/#Person","name":"","url":"https:\/\/www.sw-style.cz\/author\/","identifier":1,"image":{"@type":"ImageObject","@id":"https:\/\/secure.gravatar.com\/avatar\/15c4177f6d86975c976af12ba80b10af7add2f97f8786f8cf1596253472c0ea7?s=96&d=mm&r=g","url":"https:\/\/secure.gravatar.com\/avatar\/15c4177f6d86975c976af12ba80b10af7add2f97f8786f8cf1596253472c0ea7?s=96&d=mm&r=g","height":96,"width":96}},"publisher":{"@type":"Organization","name":"sw-style.cz","logo":{"@type":"ImageObject","@id":"\/logo.png","url":"\/logo.png","width":600,"height":60}},"url":"https:\/\/www.sw-style.cz\/vystavte-je-ve-svem-slavnostnim-albu\/","wordCount":168,"articleBody":" Schovejte si je do sv\u00e9ho slavnostn\u00edho alba, aby si je jednou prohl\u00e9dli Va\u0161e d\u011bti, vnou\u010data i pravnou\u010data. Se svatebn\u00edm ozn\u00e1men\u00edm um\u00edst\u011bn\u00fdm v albu na n\u011b d\u00fdchne atmosf\u00e9ra slavnostn\u00ed vz\u00e1cn\u00e9 ud\u00e1losti, kter\u00e1 se ud\u00e1la p\u0159ed d\u00e1vn\u00fdmi desetilet\u00edmi. A\u017e budete rozhodovat nad t\u00edm, jak m\u00e1 vypadat, myslete na sv\u00e9 potomky, kte\u0159\u00ed si je jednou budou zv\u011bdav\u011b a dychtiv\u011b prohl\u00ed\u017eet. Budou se nad n\u00edm doj\u00edmat Va\u0161e d\u011bti i vnou\u010data Se svatebn\u00edm ozn\u00e1men\u00edm, kter\u00e9 si budou prohl\u00ed\u017eet se toti\u017e jednou budou doj\u00edmat nad p\u0159\u00edb\u011bhem Va\u0161eho \u017eivota a Va\u0161\u00ed l\u00e1sky. Mo\u017en\u00e1 dojet\u00edm, jak to cel\u00e9 dob\u0159e dopadlo a mo\u017en\u00e1 smutkem, \u017ee V\u00e1m to t\u0159eba nevy\u0161lo. Ka\u017ed\u00e9 slovo m\u00e1 platnost nejen v okam\u017eiku, kdy bylo vysloveno, ale tak\u00e9 v budoucnosti, kter\u00e1 teprve m\u00e1 p\u0159ij\u00edt..                                                                                                                                                                                                                                                                                                                                                                                                "},{"@context":"https:\/\/schema.org\/","@type":"BreadcrumbList","itemListElement":[{"@type":"ListItem","position":1,"name":"Vystavte je ve sv\u00e9m slavnostn\u00edm albu","item":"https:\/\/www.sw-style.cz\/vystavte-je-ve-svem-slavnostnim-albu\/#breadcrumbitem"}]}]