[{"@context":"https:\/\/schema.org\/","@type":"Article","@id":"https:\/\/www.sw-style.cz\/vysoka-uroven\/#Article","mainEntityOfPage":"https:\/\/www.sw-style.cz\/vysoka-uroven\/","headline":"Vysok\u00e1 \u00farove\u0148","name":"Vysok\u00e1 \u00farove\u0148","description":"V\u011bd\u011bli jste, \u017ee pozoruhodnou dominantou m\u011bste\u010dka Kol\u00edn je chr\u00e1m Svat\u00e9ho Bartolom\u011bje z 2. poloviny 13. stolet\u00ed? \u017de jste o n\u011bm&hellip;","datePublished":"2025-02-25","dateModified":"2025-02-25","author":{"@type":"Person","@id":"https:\/\/www.sw-style.cz\/author\/#Person","name":"","url":"https:\/\/www.sw-style.cz\/author\/","identifier":1,"image":{"@type":"ImageObject","@id":"https:\/\/secure.gravatar.com\/avatar\/15c4177f6d86975c976af12ba80b10af7add2f97f8786f8cf1596253472c0ea7?s=96&d=mm&r=g","url":"https:\/\/secure.gravatar.com\/avatar\/15c4177f6d86975c976af12ba80b10af7add2f97f8786f8cf1596253472c0ea7?s=96&d=mm&r=g","height":96,"width":96}},"publisher":{"@type":"Organization","name":"sw-style.cz","logo":{"@type":"ImageObject","@id":"\/logo.png","url":"\/logo.png","width":600,"height":60}},"url":"https:\/\/www.sw-style.cz\/vysoka-uroven\/","wordCount":179,"articleBody":"V\u011bd\u011bli jste, \u017ee pozoruhodnou dominantou m\u011bste\u010dka Kol\u00edn je chr\u00e1m Svat\u00e9ho Bartolom\u011bje z 2. poloviny 13. stolet\u00ed? \u017de jste o n\u011bm nesly\u0161eli? Ano mnohem zn\u00e1m\u011bj\u0161\u00ed a turisty vyhled\u00e1van\u00fd je chr\u00e1m sv. Barbory v sousedn\u00ed Kutn\u00e9 Ho\u0159e. A pr\u00e1v\u011b proto by se nem\u011blo zapom\u00ednat na hotel v Kol\u00edn\u011b, kter\u00fd je na vysok\u00e9 \u00farovni.C\u00edrkevn\u00ed pam\u00e1tkyV\u017edy\u0165 b\u011bhem jednoho dne si nestihnete v\u0161echny ty pam\u011btihodnosti ani prohl\u00e9dnout. Kostel sv. V\u00edta \u010di kostel Nejsv\u011bt\u011bj\u0161\u00ed trojice s kapuc\u00ednsk\u00fdm kl\u00e1\u0161terem tak\u00e9 stoj\u00ed za to, abyste jim v\u011bnovali n\u00e1le\u017eitou pozornost. A to pochopiteln\u011b nejsou v\u0161echny c\u00edrkevn\u00ed pam\u00e1tky vyjmenov\u00e1ny. Projd\u011bte se historick\u00fdm j\u00e1drem a va\u0161e srdce bude plesat radost\u00ed. Proto z toho m\u011bsta neodj\u00ed\u017ed\u011bjte a z\u016fsta\u0148te. Hotel Kol\u00edn je na \u0161pi\u010dkov\u00e9 \u00farovni a p\u0159itom nen\u00ed nijak p\u0159edra\u017een\u00e9. Najd\u011bte si str\u00e1nky vigvam.cz                                                                                                                                                                                                                                                                                                                                                                                        5\/5 - (1 vote)        "},{"@context":"https:\/\/schema.org\/","@type":"BreadcrumbList","itemListElement":[{"@type":"ListItem","position":1,"name":"Vysok\u00e1 \u00farove\u0148","item":"https:\/\/www.sw-style.cz\/vysoka-uroven\/#breadcrumbitem"}]}]