[{"@context":"https:\/\/schema.org\/","@type":"Article","@id":"https:\/\/www.sw-style.cz\/prakticke-skrine\/#Article","mainEntityOfPage":"https:\/\/www.sw-style.cz\/prakticke-skrine\/","headline":"Praktick\u00e9 sk\u0159\u00edn\u011b","name":"Praktick\u00e9 sk\u0159\u00edn\u011b","description":"Vestav\u011bn\u00e9 sk\u0159\u00edn\u011b jsou opravdu velmi praktick\u00e9 a p\u011bkn\u00e9, z\u00e1rove\u0148 i modern\u00ed. J\u00e1 m\u00e1m doma taky dvoje vestav\u011bn\u00e9 sk\u0159\u00edn\u011b a jsem&hellip;","datePublished":"2022-06-20","dateModified":"2023-05-03","author":{"@type":"Person","@id":"https:\/\/www.sw-style.cz\/author\/#Person","name":"","url":"https:\/\/www.sw-style.cz\/author\/","identifier":1,"image":{"@type":"ImageObject","@id":"https:\/\/secure.gravatar.com\/avatar\/15c4177f6d86975c976af12ba80b10af7add2f97f8786f8cf1596253472c0ea7?s=96&d=mm&r=g","url":"https:\/\/secure.gravatar.com\/avatar\/15c4177f6d86975c976af12ba80b10af7add2f97f8786f8cf1596253472c0ea7?s=96&d=mm&r=g","height":96,"width":96}},"publisher":{"@type":"Organization","name":"sw-style.cz","logo":{"@type":"ImageObject","@id":"\/logo.png","url":"\/logo.png","width":600,"height":60}},"image":{"@type":"ImageObject","@id":"https:\/\/www.sw-style.cz\/wp-content\/uploads\/coat-hangers-6201035_640_1.jpg","url":"https:\/\/www.sw-style.cz\/wp-content\/uploads\/coat-hangers-6201035_640_1.jpg","height":0,"width":0},"url":"https:\/\/www.sw-style.cz\/prakticke-skrine\/","about":["Business"],"wordCount":418,"articleBody":"        Vestav\u011bn\u00e9 sk\u0159\u00edn\u011b jsou opravdu velmi praktick\u00e9 a p\u011bkn\u00e9, z\u00e1rove\u0148 i modern\u00ed. J\u00e1 m\u00e1m doma taky dvoje vestav\u011bn\u00e9 sk\u0159\u00edn\u011b a jsem spokojen\u00e1. A mus\u00edm \u0159\u00edct, \u017ee je to opravdu perfektn\u00ed investice. A taky bych se cht\u011bla p\u0159iznat k tomu, \u017ee ze za\u010d\u00e1tku jsem v\u016fbec \u017e\u00e1dn\u00e9 vestav\u011bn\u00e9 sk\u0159\u00edn\u011b necht\u011bla. Mn\u011b se to v\u016fbec nel\u00edbilo a p\u0159i\u0161lo mi to opravdu zbyte\u010dn\u00e9 a nepraktick\u00e9. A taky v\u00e1m \u0159eknu d\u016fvod. M\u011bla jsem toti\u017e na internetu vyhl\u00e9dlou kr\u00e1snou soupravu sk\u0159\u00edn\u00ed a n\u00e1bytku. Jen\u017ee jsem si \u0159ekla, \u017ee pokud man\u017eel chce vestav\u011bn\u00e9 sk\u0159\u00edn\u011b, tak bych tu kr\u00e1snou soupravu n\u00e1bytku m\u00edt nemohla. To je opravdu logick\u00e9 a jasn\u00e9. A tak jsme se s man\u017eelem poprv\u00e9 v \u017eivot\u011b poh\u00e1dali. Tedy mysl\u00edm h\u00e1dku po takov\u00e9 blbosti. Nakonec m\u011b ale man\u017eel p\u0159esv\u011bd\u010dil.A ud\u011blal tam vestav\u011bn\u00e9 sk\u0159\u00edn\u011b. Znamen\u00e1 to, \u017ee ty sk\u0159\u00edn\u011b tam jsou vestav\u011bn\u00e9 a nejdou zm\u011bnit. Znamen\u00e1 to, \u017ee s vestav\u011bn\u00fdmi sk\u0159\u00edn\u011bmi nelze manipulovat, tud\u00ed\u017e to znamen\u00e1, \u017ee je nem\u016f\u017eete p\u0159est\u011bhovat na jin\u00e9 m\u00edsto. Taky na t\u011bchto sk\u0159\u00edn\u00edch je vhodn\u00e9, kdy\u017e tam m\u00e1te posuvn\u00e9 dve\u0159e do boku. To takhle \u0161et\u0159\u00edte m\u00edsto, ne\u017e kdybyste otev\u00edrali dve\u0159e od sk\u0159\u00edn\u011b ven. Nav\u00edc vestav\u011bn\u00e9 sk\u0159\u00edn\u011b jsou velmi modern\u00ed a praktick\u00e9. J\u00e1 jsem nyn\u00ed velmi r\u00e1da, \u017ee jsem se nechala od man\u017eela ukecat. Moc se mi l\u00edb\u00ed. Nav\u00edc jsou vestav\u011bn\u00e9 sk\u0159\u00edn\u011b velmi velk\u00e9 a pohodln\u00e9, tak\u017ee se mi tam vejdou opravdu velk\u00e9 mohutn\u00e9 zimn\u00ed bundy. A v zim\u011b tam zase usklad\u0148uji n\u011bkter\u00e9 batohy na v\u00fdlety, tak\u017ee bych v\u00e1m vestav\u011bn\u00e9 sk\u0159\u00edn\u011b mohla jenom doporu\u010dit. Z\u00e1le\u017e\u00ed ov\u0161em na v\u00e1s, proto\u017ee n\u011bjak\u00e9 vestav\u011bn\u00e9 sk\u0159\u00edn\u011b jsou opravdu moc drah\u00e9. Ale mus\u00edm v\u00e1m \u0159\u00edct, \u017ee investice nebudete litovat. A co vy, taky m\u00e1te vestav\u011bn\u00e9 sk\u0159\u00edn\u011b nebo m\u00e1te oby\u010dejn\u00e9 klasick\u00e9 sk\u0159\u00edn\u011b? Mysl\u00edm, \u017ee na zm\u011bnu je v\u017edycky \u010das, tak\u017ee se m\u016f\u017eete v klidu rozhodovat, jestli si vestav\u011bn\u00e9 sk\u0159\u00edn\u011b po\u0159\u00edd\u00edte nebo ne. Taky z\u00e1le\u017e\u00ed na velikosti domu nebo bytu. Nicm\u00e9n\u011b sk\u0159\u00edn\u011b se hod\u00ed opravdu v\u0161ude.                                                                                                                                                                                                                                                                                                                                                                                          4.4\/5 - (11 votes)        "},{"@context":"https:\/\/schema.org\/","@type":"BreadcrumbList","itemListElement":[{"@type":"ListItem","position":1,"name":"Praktick\u00e9 sk\u0159\u00edn\u011b","item":"https:\/\/www.sw-style.cz\/prakticke-skrine\/#breadcrumbitem"}]}]