[{"@context":"https:\/\/schema.org\/","@type":"Article","@id":"https:\/\/www.sw-style.cz\/nakupovani-v-primarku\/#Article","mainEntityOfPage":"https:\/\/www.sw-style.cz\/nakupovani-v-primarku\/","headline":"Nakupov\u00e1n\u00ed v Primarku","name":"Nakupov\u00e1n\u00ed v Primarku","description":"Irsk\u00e1 od\u011bvn\u00ed zna\u010dka Primark je u n\u00e1s velice obl\u00edben\u00e1 i p\u0159es to, \u017ee prozat\u00edm nen\u00ed u n\u00e1s v\u00a0republice. Lid\u00e9 \u010dasto&hellip;","datePublished":"2019-07-19","dateModified":"2023-05-03","author":{"@type":"Person","@id":"https:\/\/www.sw-style.cz\/author\/#Person","name":"","url":"https:\/\/www.sw-style.cz\/author\/","identifier":1,"image":{"@type":"ImageObject","@id":"https:\/\/secure.gravatar.com\/avatar\/15c4177f6d86975c976af12ba80b10af7add2f97f8786f8cf1596253472c0ea7?s=96&d=mm&r=g","url":"https:\/\/secure.gravatar.com\/avatar\/15c4177f6d86975c976af12ba80b10af7add2f97f8786f8cf1596253472c0ea7?s=96&d=mm&r=g","height":96,"width":96}},"publisher":{"@type":"Organization","name":"sw-style.cz","logo":{"@type":"ImageObject","@id":"\/logo.png","url":"\/logo.png","width":600,"height":60}},"image":{"@type":"ImageObject","@id":"https:\/\/www.sw-style.cz\/wp-content\/uploads\/img_a349206_w2363_t1564075922.jpg","url":"https:\/\/www.sw-style.cz\/wp-content\/uploads\/img_a349206_w2363_t1564075922.jpg","height":0,"width":0},"url":"https:\/\/www.sw-style.cz\/nakupovani-v-primarku\/","wordCount":435,"articleBody":"\tIrsk\u00e1 od\u011bvn\u00ed zna\u010dka Primark je u n\u00e1s velice obl\u00edben\u00e1 i p\u0159es to, \u017ee prozat\u00edm nen\u00ed u n\u00e1s v\u00a0republice. Lid\u00e9 \u010dasto cestuj\u00ed pr\u00e1v\u011b za n\u00e1kupy do Primarku do okoln\u00edch zem\u00ed, kde si nakoup\u00ed oble\u010den\u00ed. V\u00a0p\u0159\u00ed\u0161t\u00edm roce by m\u011bl Primark vzniknout i v\u00a0na\u0161\u00ed republice, konkr\u00e9tn\u011b v\u00a0na\u0161\u00ed metropoli. Do t\u00e9 doby m\u016f\u017eeme jezdit bu\u010f do Dr\u00e1\u017e\u010fan, nebo do V\u00eddn\u011b. Je to v\u00fdhra?\tPrimark je obl\u00edben\u00fd p\u0159edev\u0161\u00edm pro svoje n\u00edzk\u00e9 ceny, za kter\u00e9 oble\u010den\u00ed nakoup\u00edte, av\u0161ak to m\u00e1 i druhou stranu mince. Pro\u010d v\u00a0Primarku nenakupovat?\t\t1.\u00a0\u00a0\u00a0\u00a0\u00a0 Oble\u010den\u00ed je u\u0161ito z\u00a0nekvalitn\u00edho materi\u00e1lu \tKritika Primarku spo\u010d\u00edv\u00e1 p\u0159edev\u0161\u00edm v\u00a0tom, \u017ee oble\u010den\u00ed je za n\u00edzkou cenu velice nekvalitn\u00ed. Tak\u017ee si sice koup\u00edte hodn\u011b levn\u00e9 oble\u010den\u00ed, kter\u00e9 je ale \u0161patn\u011b u\u0161it\u00e9 a nav\u00edc z\u00a0nekvalitn\u00edho materi\u00e1lu. I p\u0159es to m\u00e1 \u0159et\u011bzec ohromn\u00e9 tr\u017eby.\t2.\u00a0\u00a0\u00a0\u00a0\u00a0 Konzumn\u00ed spole\u010dnost jede\tKa\u017edou sez\u00f3nu nakupujete n\u011bkolik tri\u010dek, kalhot, t\u00edlek a po sezon\u011b je m\u016f\u017eete vyhodit? U levn\u00e9ho tri\u010dka toti\u017e po\u010d\u00edtejte s\u00a0t\u00edm, \u017ee jej vyhod\u00edte a koup\u00edte nov\u00e9. A co ekologie? \u010clov\u011bk by m\u011bl uva\u017eovat nad t\u00edm, \u017ee oble\u010den\u00ed by se m\u011blo u\u017e\u00edvat co nejd\u00e9le a ne jednu sez\u00f3nu. Textiln\u00ed tov\u00e1rny toti\u017e velice zne\u010di\u0161\u0165uj\u00ed ovzdu\u0161\u00ed a t\u00edm p\u00e1dem i na\u0161i zemi. Oble\u010den\u00ed, kter\u00e9 je nekvalitn\u00ed se nav\u00edc ned\u00e1 ani recyklovat a t\u00edm p\u00e1dem je opravdu na vyhozen\u00ed.\t\t3.\u00a0\u00a0\u00a0\u00a0\u00a0 Fast fashion\tV\u00a0tomto \u0159et\u011bzci jde bohu\u017eel pouze o pen\u00edze. Ka\u017ed\u00fd den chrl\u00ed stovky a stovky krabic nov\u00e9ho oble\u010den\u00ed, kter\u00e9 je \u010dasto zabalen\u00e9 v\u00a0plastu. Oble\u010den\u00ed se rychle nahrazuje nov\u00fdm a nikdo nehled\u00ed na to, kolik odpadu vznik\u00e1.\t4.\u00a0\u00a0\u00a0\u00a0\u00a0 Cena za pr\u00e1ci\tDok\u00e1\u017eete si p\u0159edstavit, \u017ee triko m\u016f\u017ee st\u00e1t 80 k\u010d? Materi\u00e1l i pr\u00e1ce n\u011bco stoj\u00ed a majitel na tom chce taky vyd\u011blat. A na \u010dem se tedy \u0161et\u0159\u00ed? \u0160et\u0159\u00ed se na pracovn\u00ed s\u00edle. Oble\u010den\u00ed se \u0161ije p\u0159edev\u0161\u00edm v\u00a0Banglad\u00e9\u0161i za naprost\u00e9 minimum.\tPokud chcete m\u00edt dobr\u00fd pocit z\u00a0n\u00e1kupu oble\u010den\u00ed, zkuste si oble\u010den\u00ed nechat u\u0161\u00edt u \u010desk\u00e9 \u0161vadleny, nebo si po\u0159\u00eddit oble\u010den\u00ed od kvalitn\u00ed firmy, klidn\u011b \u010desk\u00e9. Budete m\u00edt dobr\u00fd pocit a nav\u00edc podpo\u0159\u00edte \u010desk\u00e9ho podnikatele.                                                                                                                                                                                                                                                                                                                                                                                        3.9\/5 - (7 votes)        "},{"@context":"https:\/\/schema.org\/","@type":"BreadcrumbList","itemListElement":[{"@type":"ListItem","position":1,"name":"Nakupov\u00e1n\u00ed v Primarku","item":"https:\/\/www.sw-style.cz\/nakupovani-v-primarku\/#breadcrumbitem"}]}]