[{"@context":"https:\/\/schema.org\/","@type":"Article","@id":"https:\/\/www.sw-style.cz\/na-dovolenou-do-pargy\/#Article","mainEntityOfPage":"https:\/\/www.sw-style.cz\/na-dovolenou-do-pargy\/","headline":"Na dovolenou do Pargy","name":"Na dovolenou do Pargy","description":"Sly\u0161eli jste n\u011bkdy o m\u011bst\u011b Parga v regionu Epirus? Nach\u00e1z\u00ed se v severoz\u00e1padn\u00edm \u0158ecku a je to malebn\u00e9 p\u0159\u00edmo\u0159sk\u00e9 m\u011bste\u010dko&hellip;","datePublished":"2019-06-12","dateModified":"2023-05-03","author":{"@type":"Person","@id":"https:\/\/www.sw-style.cz\/author\/#Person","name":"","url":"https:\/\/www.sw-style.cz\/author\/","identifier":1,"image":{"@type":"ImageObject","@id":"https:\/\/secure.gravatar.com\/avatar\/15c4177f6d86975c976af12ba80b10af7add2f97f8786f8cf1596253472c0ea7?s=96&d=mm&r=g","url":"https:\/\/secure.gravatar.com\/avatar\/15c4177f6d86975c976af12ba80b10af7add2f97f8786f8cf1596253472c0ea7?s=96&d=mm&r=g","height":96,"width":96}},"publisher":{"@type":"Organization","name":"sw-style.cz","logo":{"@type":"ImageObject","@id":"\/logo.png","url":"\/logo.png","width":600,"height":60}},"image":{"@type":"ImageObject","@id":"https:\/\/www.sw-style.cz\/wp-content\/uploads\/img_a348727_w1943_t1563631261.jpg","url":"https:\/\/www.sw-style.cz\/wp-content\/uploads\/img_a348727_w1943_t1563631261.jpg","height":0,"width":0},"url":"https:\/\/www.sw-style.cz\/na-dovolenou-do-pargy\/","wordCount":437,"articleBody":"Sly\u0161eli jste n\u011bkdy o m\u011bst\u011b Parga v regionu Epirus? Nach\u00e1z\u00ed se v severoz\u00e1padn\u00edm \u0158ecku a je to malebn\u00e9 p\u0159\u00edmo\u0159sk\u00e9 m\u011bste\u010dko jako d\u011blan\u00e9 na dovolenou. Rozlohou je 276 a p\u016fl kilometr\u016f \u010dtvere\u010dn\u00fdch a \u017eije zde kolem dvan\u00e1cti tis\u00edc obyvatel. V hlavn\u00ed sezon\u011b \u010derven a\u017e z\u00e1\u0159\u00ed se m\u00edsto st\u00e1v\u00e1 obl\u00edben\u00fdm letoviskem nav\u0161t\u011bvovan\u00e9 ka\u017edoro\u010dn\u011b n\u011bkolika turisty v\u010detn\u011b n\u00e1s \u010cech\u016f.M\u011bste\u010dko je obklopeno J\u00f3nsk\u00fdm mo\u0159em. Nach\u00e1z\u00ed se asi \u010dty\u0159icet kilometr\u016f od Alb\u00e1nie. Je nedaleko ostrov\u016f Korfu, Paxos a Antipaxos. Samotn\u00e9 m\u011bsto se d\u011bl\u00ed na \u010dty\u0159i m\u011bstsk\u00e9 \u010d\u00e1sti. Nejzaj\u00edmav\u011bj\u0161\u00ed jsou zde samoz\u0159ejm\u011b pl\u00e1\u017ee. Je zde n\u011bkolik z\u00e1tok a pl\u00e1\u017e\u00ed a v\u0161echny jsou p\u0159\u00edjemn\u00e9 a jako d\u011blan\u00e9 pro odpo\u010dinek.Chcete tak\u00e9 trochu poznat Pargu, kdy\u017e u\u017e tam jedete nebo let\u00edte? Naleznete tu n\u00e1dhern\u00fd hrad na kopci. Kdy\u017e se na n\u011bj vy\u0161kr\u00e1bete a p\u0159ekon\u00e1te \u00famorn\u00e9 horko dostane se v\u00e1m odm\u011bny v podob\u011b n\u00e1dhern\u00e9ho v\u00fdhledu na cel\u00e9 m\u011bsto. Hrad byl postaven v jeden\u00e1ct\u00e9m stolet\u00ed, a to zejm\u00e9na z d\u016fvodu ochrany m\u00edstn\u00edho obyvatelstva p\u0159ed pir\u00e1ty a Turky. Pozd\u011bji ve t\u0159in\u00e1ct\u00e9m stolet\u00ed hrad p\u0159estav\u011bli a v\u00edce zv\u00fd\u0161ili jeho ochranu Ben\u00e1t\u010dan\u00e9, kte\u0159\u00ed tou dobou zvy\u0161ovali kontrolu nad t\u00edmto \u00fazem\u00edm. Dal\u0161\u00edm d\u016fle\u017eit\u00fdm rokem pro tento hrad byl rok 1452 kdy byl dobyt Turky a \u010d\u00e1st byla bohu\u017eel zbo\u0159en\u00e1.\u00a0 Po tomto roce prob\u011bhla je\u0161t\u011b jedna oprava a op\u011btovn\u00e9 poni\u010den\u00ed. V\u0161e se ust\u00e1lilo v 1819, kdy se hrad do\u010dkal dal\u0161\u00ed rekonstrukce.Dal\u0161\u00ed p\u011bknou zast\u00e1vkou m\u016f\u017eou b\u00fdt malebn\u00e9 kostely. V dob\u011b, kdy m\u011bsto trp\u011blo n\u00e1jezdy pir\u00e1t\u016f obraceli se proto k Bohu a stav\u011bli kostely. Jedn\u00edm z nejzn\u00e1m\u011bj\u0161\u00edch je nap\u0159\u00edklad kostel svat\u00e9ho Mikul\u00e1\u0161e.Trochu n\u00e1ro\u010dn\u011bj\u0161\u00edm v\u00fdletem je v\u00fdstup na Ali Pasha. Je to v\u00fdlet na cel\u00fd den a p\u0159i teplot\u00e1ch, kter\u00e9 jsou pro \u0158ecko typick\u00e9 je v\u00fdstup je\u0161t\u011b n\u00e1ro\u010dn\u011bj\u0161\u00ed. Ale i tak to za n\u00e1mahu stoj\u00ed, proto\u017ee se jedn\u00e1 o dominantu cel\u00e9 oblasti. Je to m\u00edsto, ve kter\u00e9m na v\u00e1s d\u00fdchne historie, a nav\u00edc je\u0161t\u011b vyfot\u00edte skv\u011bl\u00e9 fotografie.                                                                                                                                                                                                                                                                                                                                                                                        4.2\/5 - (9 votes)        "},{"@context":"https:\/\/schema.org\/","@type":"BreadcrumbList","itemListElement":[{"@type":"ListItem","position":1,"name":"Na dovolenou do Pargy","item":"https:\/\/www.sw-style.cz\/na-dovolenou-do-pargy\/#breadcrumbitem"}]}]