[{"@context":"https:\/\/schema.org\/","@type":"Article","@id":"https:\/\/www.sw-style.cz\/co-obnasi-pronajem-leseni-na-klic\/#Article","mainEntityOfPage":"https:\/\/www.sw-style.cz\/co-obnasi-pronajem-leseni-na-klic\/","headline":"Co obn\u00e1\u0161\u00ed pron\u00e1jem le\u0161en\u00ed na kl\u00ed\u010d","name":"Co obn\u00e1\u0161\u00ed pron\u00e1jem le\u0161en\u00ed na kl\u00ed\u010d","description":"Uva\u017eujete o pron\u00e1jmu le\u0161en\u00ed z Roztok https:\/\/rabasleseni.cz\/regionalni-pusobnost\/pujcovna-leseni-roztoky\/ na kl\u00ed\u010d? Nechce se v\u00e1m jej stav\u011bt, proto\u017ee s t\u00edm nem\u00e1te \u017e\u00e1dnou praxi&hellip;","datePublished":"2025-06-11","dateModified":"2025-06-11","author":{"@type":"Person","@id":"https:\/\/www.sw-style.cz\/author\/#Person","name":"","url":"https:\/\/www.sw-style.cz\/author\/","identifier":1,"image":{"@type":"ImageObject","@id":"https:\/\/secure.gravatar.com\/avatar\/15c4177f6d86975c976af12ba80b10af7add2f97f8786f8cf1596253472c0ea7?s=96&d=mm&r=g","url":"https:\/\/secure.gravatar.com\/avatar\/15c4177f6d86975c976af12ba80b10af7add2f97f8786f8cf1596253472c0ea7?s=96&d=mm&r=g","height":96,"width":96}},"publisher":{"@type":"Organization","name":"sw-style.cz","logo":{"@type":"ImageObject","@id":"\/logo.png","url":"\/logo.png","width":600,"height":60}},"image":{"@type":"ImageObject","@id":"https:\/\/www.sw-style.cz\/wp-content\/uploads\/men-7031828_640_8.jpg","url":"https:\/\/www.sw-style.cz\/wp-content\/uploads\/men-7031828_640_8.jpg","height":0,"width":0},"url":"https:\/\/www.sw-style.cz\/co-obnasi-pronajem-leseni-na-klic\/","about":["Business"],"wordCount":437,"articleBody":"   Uva\u017eujete o pron\u00e1jmu le\u0161en\u00ed z Roztok https:\/\/rabasleseni.cz\/regionalni-pusobnost\/pujcovna-leseni-roztoky\/ na kl\u00ed\u010d? Nechce se v\u00e1m jej stav\u011bt, proto\u017ee s t\u00edm nem\u00e1te \u017e\u00e1dnou praxi a z\u00e1rove\u0148 se ob\u00e1v\u00e1te nebezpe\u010d\u00ed, kter\u00e9 s mont\u00e1\u017e\u00ed le\u0161en\u00ed souvis\u00ed? Co vlastn\u011b obn\u00e1\u0161\u00ed pron\u00e1jem le\u0161en\u00ed, kdy\u017e si jej nech\u00e1te postavit?Doprava \u2013 sou\u010d\u00e1st\u00ed pron\u00e1jmu le\u0161en\u00ed b\u00fdv\u00e1 i autodoprava. Nemus\u00edte nikde pracn\u011b sh\u00e1n\u011bt n\u00e1kladn\u00ed auto i s \u0159idi\u010dem a koordinovat pron\u00e1jem le\u0161en\u00ed s jeho vyzvednut\u00edm a p\u0159epravou. Odpadne v\u00e1m t\u00edm \u0159ada starost\u00ed organiza\u010dn\u00edho r\u00e1zu. O p\u0159epravu le\u0161en\u00ed se star\u00e1 firma, kter\u00e1 jej pronaj\u00edm\u00e1, ob\u011bma sm\u011bry.P\u0159\u00edprava m\u00edsta pro stavbu \u2013 va\u0161\u00edm \u00fakolem je postarat se o to, aby le\u0161en\u00ed mohlo st\u00e1t na m\u00edst\u011b zbaven\u00e9m r\u016fzn\u00fdch p\u0159ek\u00e1\u017eek, jako je stavebn\u00ed materi\u00e1l, odpadky, voln\u011b polo\u017een\u00e9 p\u0159edm\u011bty apod. Le\u0161en\u00ed mus\u00ed st\u00e1t na zpevn\u011bn\u00e9m povrchu, nesm\u00ed se bortit a propadat nap\u0159\u00edklad tam, kde je ter\u00e9n p\u0159\u00edli\u0161 rozm\u00e1\u010den\u00fd.Mont\u00e1\u017e le\u0161en\u00ed \u2013 sestaven\u00ed le\u0161en\u00ed je sv\u00fdm zp\u016fsobem rizikov\u00e1 pr\u00e1ce ve v\u00fd\u0161k\u00e1ch. Zna\u010dn\u00e9mu nebezpe\u010d\u00ed jsou vystaveni pracovn\u00edci, kte\u0159\u00ed pokl\u00e1daj\u00ed na le\u0161en\u00ed v\u017edy dal\u0161\u00ed pochoz\u00ed vrstvu a zaji\u0161\u0165uj\u00ed ji z\u00e1bradl\u00edm. V tu chv\u00edli jsou v ohro\u017een\u00ed \u017eivota, pokud pokl\u00e1daj\u00ed z\u00e1bradl\u00ed tehdy, nejsou-li zaji\u0161t\u011bn\u00ed bezpe\u010dnostn\u00edm p\u00e1sem.Kotven\u00ed le\u0161en\u00ed \u2013 ka\u017ed\u00e9 le\u0161en\u00ed by se m\u011blo ukotvit tak, aby nemohlo doj\u00edt k jeho z\u0159\u00edcen\u00ed. Uv\u011bdomte si, \u017ee je to pom\u011brn\u011b \u00fazk\u00e1 a z\u00e1rove\u0148 vysok\u00e1, nep\u0159\u00edli\u0161 stabiln\u00ed konstrukce, kterou dok\u00e1\u017ee siln\u011bj\u0161\u00ed v\u00edtr nebezpe\u010dn\u011b rozhoupat. A \u017ee ke z\u0159\u00edcen\u00ed le\u0161en\u00ed vlivem siln\u00e9ho v\u011btru do\u0161lo, o tom se snadno p\u0159esv\u011bd\u010d\u00edte na z\u00e1b\u011brech z kamery v Praze Nusl\u00edch, v Otakarov\u011b ulici. To video je na Internetu ve\u0159ejn\u011b p\u0159\u00edstupn\u00e9.P\u00e1dy z le\u0161en\u00ed \u2013 budete-li na le\u0161en\u00ed pracovat, m\u011bli byste dodr\u017eovat alespo\u0148 z\u00e1kladn\u00ed pravidla bezpe\u010dnosti pr\u00e1ce a neriskovat zbyte\u010dn\u00e9 probl\u00e9my a ohro\u017een\u00ed \u017eivota p\u00e1dem z le\u0161en\u00ed. K pr\u00e1ci na le\u0161en\u00ed nepat\u0159\u00ed alkohol a pohyb po le\u0161en\u00ed byste m\u011bli provozovat pouze po zaji\u0161t\u011bn\u00fdch p\u0159\u00edstupov\u00fdch \u017eeb\u0159\u00edc\u00edch, nikoli p\u0159el\u00e9z\u00e1n\u00edm konstrukce po vn\u011bj\u0161\u00edm pl\u00e1\u0161ti.                                                                                                                                                                                                                                                                                                                                                                                          3.3\/5 - (10 votes)        "},{"@context":"https:\/\/schema.org\/","@type":"BreadcrumbList","itemListElement":[{"@type":"ListItem","position":1,"name":"Co obn\u00e1\u0161\u00ed pron\u00e1jem le\u0161en\u00ed na kl\u00ed\u010d","item":"https:\/\/www.sw-style.cz\/co-obnasi-pronajem-leseni-na-klic\/#breadcrumbitem"}]}]