{"@context":"https:\/\/schema.org\/","@type":"CollectionPage","@id":"https:\/\/www.sw-style.cz\/cestovani\/#CollectionPage","headline":"Cestov\u00e1n\u00ed Category","description":"","url":"https:\/\/www.sw-style.cz\/cestovani\/","hasPart":[{"@type":"Article","@id":"https:\/\/www.sw-style.cz\/5-duvodu-proc-vyjet-do-palerma\/","headline":"5 d\u016fvod\u016f pro\u010d vyjet do Palerma","url":"https:\/\/www.sw-style.cz\/5-duvodu-proc-vyjet-do-palerma\/","datePublished":"2025-03-02","dateModified":"2023-05-03","mainEntityOfPage":"https:\/\/www.sw-style.cz\/5-duvodu-proc-vyjet-do-palerma\/","author":{"@type":"Person","@id":"https:\/\/www.sw-style.cz\/author\/#Person","name":"","url":"https:\/\/www.sw-style.cz\/author\/","identifier":1,"image":{"@type":"ImageObject","@id":"https:\/\/secure.gravatar.com\/avatar\/15c4177f6d86975c976af12ba80b10af7add2f97f8786f8cf1596253472c0ea7?s=96&d=mm&r=g","url":"https:\/\/secure.gravatar.com\/avatar\/15c4177f6d86975c976af12ba80b10af7add2f97f8786f8cf1596253472c0ea7?s=96&d=mm&r=g","height":96,"width":96}},"publisher":{"@type":"Organization","name":"sw-style.cz","logo":{"@type":"ImageObject","@id":"\/logo.png","url":"\/logo.png","width":600,"height":60}},"image":{"@type":"ImageObject","@id":"https:\/\/www.sw-style.cz\/wp-content\/uploads\/img_a334553_w2781_t1548180680.jpg","url":"https:\/\/www.sw-style.cz\/wp-content\/uploads\/img_a334553_w2781_t1548180680.jpg","height":0,"width":0},"keywords":null},{"@type":"Article","@id":"https:\/\/www.sw-style.cz\/dovolena-v-teple\/","headline":"Dovolen\u00e1 v teple","url":"https:\/\/www.sw-style.cz\/dovolena-v-teple\/","datePublished":"2023-08-28","dateModified":"2024-02-28","mainEntityOfPage":"https:\/\/www.sw-style.cz\/dovolena-v-teple\/","author":{"@type":"Person","@id":"https:\/\/www.sw-style.cz\/author\/#Person","name":"","url":"https:\/\/www.sw-style.cz\/author\/","identifier":1,"image":{"@type":"ImageObject","@id":"https:\/\/secure.gravatar.com\/avatar\/15c4177f6d86975c976af12ba80b10af7add2f97f8786f8cf1596253472c0ea7?s=96&d=mm&r=g","url":"https:\/\/secure.gravatar.com\/avatar\/15c4177f6d86975c976af12ba80b10af7add2f97f8786f8cf1596253472c0ea7?s=96&d=mm&r=g","height":96,"width":96}},"publisher":{"@type":"Organization","name":"sw-style.cz","logo":{"@type":"ImageObject","@id":"\/logo.png","url":"\/logo.png","width":600,"height":60}},"image":{"@type":"ImageObject","@id":"https:\/\/www.sw-style.cz\/wp-content\/uploads\/wallpaper-3110721_960_720.jpg","url":"https:\/\/www.sw-style.cz\/wp-content\/uploads\/wallpaper-3110721_960_720.jpg","height":0,"width":0},"keywords":null},{"@type":"Article","@id":"https:\/\/www.sw-style.cz\/bosna-turisty-znovu-objevovana-a-milovana\/","headline":"Bosna \u2013 turisty znovu objevovan\u00e1 a milovan\u00e1","url":"https:\/\/www.sw-style.cz\/bosna-turisty-znovu-objevovana-a-milovana\/","datePublished":"2019-06-12","dateModified":"2023-05-03","mainEntityOfPage":"https:\/\/www.sw-style.cz\/bosna-turisty-znovu-objevovana-a-milovana\/","author":{"@type":"Person","@id":"https:\/\/www.sw-style.cz\/author\/#Person","name":"","url":"https:\/\/www.sw-style.cz\/author\/","identifier":1,"image":{"@type":"ImageObject","@id":"https:\/\/secure.gravatar.com\/avatar\/15c4177f6d86975c976af12ba80b10af7add2f97f8786f8cf1596253472c0ea7?s=96&d=mm&r=g","url":"https:\/\/secure.gravatar.com\/avatar\/15c4177f6d86975c976af12ba80b10af7add2f97f8786f8cf1596253472c0ea7?s=96&d=mm&r=g","height":96,"width":96}},"publisher":{"@type":"Organization","name":"sw-style.cz","logo":{"@type":"ImageObject","@id":"\/logo.png","url":"\/logo.png","width":600,"height":60}},"image":{"@type":"ImageObject","@id":"https:\/\/www.sw-style.cz\/wp-content\/uploads\/img_a347101_w2781_t1561279410.jpg","url":"https:\/\/www.sw-style.cz\/wp-content\/uploads\/img_a347101_w2781_t1561279410.jpg","height":0,"width":0},"keywords":null}]}