[{"@context":"https:\/\/schema.org\/","@type":"Article","@id":"https:\/\/www.sw-style.cz\/aby-vam-bylo-doma-prijemneji\/#Article","mainEntityOfPage":"https:\/\/www.sw-style.cz\/aby-vam-bylo-doma-prijemneji\/","headline":"Aby v\u00e1m bylo doma p\u0159\u00edjemn\u011bji","name":"Aby v\u00e1m bylo doma p\u0159\u00edjemn\u011bji","description":"Koberce jsou od nepam\u011bti v dom\u00e1cnostech hlavn\u011b proto, aby h\u0159\u00e1ly a d\u011blaly z interi\u00e9ru n\u011bco hezk\u00e9ho. Je proto d\u016fle\u017eit\u00e9 vybrat&hellip;","datePublished":"2025-08-28","dateModified":"2025-08-28","author":{"@type":"Person","@id":"https:\/\/www.sw-style.cz\/author\/#Person","name":"","url":"https:\/\/www.sw-style.cz\/author\/","identifier":1,"image":{"@type":"ImageObject","@id":"https:\/\/secure.gravatar.com\/avatar\/15c4177f6d86975c976af12ba80b10af7add2f97f8786f8cf1596253472c0ea7?s=96&d=mm&r=g","url":"https:\/\/secure.gravatar.com\/avatar\/15c4177f6d86975c976af12ba80b10af7add2f97f8786f8cf1596253472c0ea7?s=96&d=mm&r=g","height":96,"width":96}},"publisher":{"@type":"Organization","name":"sw-style.cz","logo":{"@type":"ImageObject","@id":"\/logo.png","url":"\/logo.png","width":600,"height":60}},"url":"https:\/\/www.sw-style.cz\/aby-vam-bylo-doma-prijemneji\/","wordCount":238,"articleBody":"Koberce jsou od nepam\u011bti v dom\u00e1cnostech hlavn\u011b proto, aby h\u0159\u00e1ly a d\u011blaly z interi\u00e9ru n\u011bco hezk\u00e9ho. Je proto d\u016fle\u017eit\u00e9 vybrat ten spr\u00e1vn\u00fd kus, kter\u00fd se v\u00e1m bude l\u00edbit a kter\u00fd si obl\u00edb\u00edte. M\u00e1te na v\u00fdb\u011br z mnoha r\u016fzn\u00fdch produkt\u016f, av\u0161ak ty nejlep\u0161\u00ed jsou ty modern\u00ed. Je to prost\u00fd kus kvalitn\u00ed l\u00e1tky, kter\u00e1 v\u00e1s bude h\u0159\u00e1t do noh, a proto nebudete \u010dasto pot\u0159ebovat ani pono\u017eky. Kdy\u017e nav\u00edc budete vyb\u00edrat z produkt\u016f, kter\u00e9 jsou vyrobeny z kvalitn\u00edch materi\u00e1l\u016f, m\u016f\u017eete se t\u011b\u0161it na to, \u017ee nebudete m\u00edt starosti o v\u00fddr\u017e, proto\u017ee o v\u0161e se postar\u00e1 samotn\u00fd materi\u00e1l. Dobr\u00e1 volba do budoucna Z\u00e1le\u017e proto na tom, jak\u00fd materi\u00e1l si vyberete. M\u00e1te mnoho mo\u017enost\u00ed, kdy tou z\u00e1kladn\u00ed je vlna. Ta m\u00e1 ty nejlep\u0161\u00ed vlastnosti pro modern\u00ed koberce, a proto si nev\u00e1hejte vybrat z nab\u00eddky, kterou nab\u00edz\u00ed firma Buchara. V jej\u00ed nab\u00eddce naleznete mnoho zaj\u00edmav\u00fdch produkt\u016f, kter\u00e9 se v\u00e1m nezal\u00edb\u00ed jen d\u00edky kr\u00e1sn\u00e9mu vzhledu, ale hlavn\u011b se v\u00e1m zal\u00edb\u00ed d\u00edky t\u00e9 obrovsk\u00e9 kvalit\u011b, kterou nikde jinde neuvid\u00edte. Myslete proto na sv\u016fj komfort a po\u0159i\u010fte si dom\u016f n\u011bco, co se v\u00e1m bude l\u00edbit.                                                                                                                                                                                                                                                                                                                                                                                                "},{"@context":"https:\/\/schema.org\/","@type":"BreadcrumbList","itemListElement":[{"@type":"ListItem","position":1,"name":"Aby v\u00e1m bylo doma p\u0159\u00edjemn\u011bji","item":"https:\/\/www.sw-style.cz\/aby-vam-bylo-doma-prijemneji\/#breadcrumbitem"}]}]